{"id":7329,"date":"2020-02-26T11:23:03","date_gmt":"2020-02-26T10:23:03","guid":{"rendered":"https:\/\/www.hegelmann.com\/?p=7329"},"modified":"2022-02-04T15:02:48","modified_gmt":"2022-02-04T14:02:48","slug":"hegelmann-group-has-acquired-lng-powered-trucks","status":"publish","type":"post","link":"https:\/\/www.hegelmann.com\/pl\/hegelmann-group-has-acquired-lng-powered-trucks\/","title":{"rendered":"Hegelmann Group naby\u0142 ci\u0119\u017car\u00f3wki zasilane LNG "},"content":{"rendered":"<p>Hegelmann Group naby\u0142 pi\u0119\u0107 ci\u0119\u017car\u00f3wek zasilanych LNG (skroplonym gazem ziemnym). Ci\u0119\u017car\u00f3wki te nie tylko zmniejsz\u0105 zanieczyszczenie \u015brodowiska, ale tak\u017ce przyczyni\u0105 si\u0119 do zwi\u0119kszenia efektywno\u015bci dzia\u0142a\u0144 firmy. Oczekuje si\u0119, \u017ce do 2025 roku b\u0119d\u0105 one stanowi\u0107 co najmniej 20 procent ca\u0142ej floty pojazd\u00f3w firmy, kt\u00f3ra obecnie liczy oko\u0142o 4 000 ci\u0119\u017car\u00f3wek.<\/p>\n<p>W ramach pod\u0105\u017cania w kierunku ekologii firma stara si\u0119 r\u00f3wnie\u017c zwr\u00f3ci\u0107 uwag\u0119 na problem las\u00f3w w Europie z powodu suszy i zmian klimatycznych i planuje zasadzi\u0107 7000 drzew w Europie &#8211; jako cz\u0119\u015b\u0107 pracownik\u00f3w Hegelmann Group.<\/p>\n<p>Aby uzyska\u0107 wi\u0119cej informacji, prosimy o kontakt z naszym dedykowanym zespo\u0142em: LNG@hegelmann.com<\/p>\n<p>D\u0141UGOTERMINOWY SPOS\u00d3B NA BUDOWANIE ZR\u00d3WNOWA\u017bONEGO ROZWOJU<\/p>\n<p>Pe\u0142ny artyku\u0142 tutaj:<\/p>\n<p><a href=\"http:\/\/www.hegelmann.com\/wp-content\/uploads\/2020\/05\/hg_l_050-pdf-straipsnis-lng-en.pdf\" target=\"_blank\" rel=\"noopener noreferrer\"><img loading=\"lazy\" decoding=\"async\" class=\"alignleft wp-image-3894\" src=\"http:\/\/www.hegelmann.com\/wp-content\/uploads\/2020\/02\/hg_l_050-pdf-straipsnis-lng-en-mockup-1024x735.png\" alt=\"\" width=\"755\" height=\"582\" \/><\/a><\/p>\n<p>&nbsp;<\/p>\n","protected":false},"excerpt":{"rendered":"<p>Hegelmann Group naby\u0142 pi\u0119\u0107 ci\u0119\u017car\u00f3wek zasilanych LNG (skroplonym gazem ziemnym). Ci\u0119\u017car\u00f3wki te nie tylko zmniejsz\u0105 zanieczyszczenie \u015brodowiska, ale tak\u017ce przyczyni\u0105 si\u0119 do zwi\u0119kszenia efektywno\u015bci dzia\u0142a\u0144 firmy. Oczekuje si\u0119, \u017ce do 2025 roku b\u0119d\u0105 one stanowi\u0107 co najmniej 20 procent ca\u0142ej floty pojazd\u00f3w firmy, kt\u00f3ra obecnie liczy oko\u0142o 4 000 ci\u0119\u017car\u00f3wek. W ramach pod\u0105\u017cania w kierunku [&hellip;]<\/p>\n","protected":false},"author":6,"featured_media":22065,"comment_status":"open","ping_status":"open","sticky":false,"template":"","format":"standard","meta":{"_acf_changed":false,"footnotes":""},"categories":[14,4,11],"tags":[],"class_list":["post-7329","post","type-post","status-publish","format-standard","has-post-thumbnail","hentry","category-fleet","category-newsroom","category-sustainability"],"acf":[],"_links":{"self":[{"href":"https:\/\/www.hegelmann.com\/pl\/wp-json\/wp\/v2\/posts\/7329","targetHints":{"allow":["GET"]}}],"collection":[{"href":"https:\/\/www.hegelmann.com\/pl\/wp-json\/wp\/v2\/posts"}],"about":[{"href":"https:\/\/www.hegelmann.com\/pl\/wp-json\/wp\/v2\/types\/post"}],"author":[{"embeddable":true,"href":"https:\/\/www.hegelmann.com\/pl\/wp-json\/wp\/v2\/users\/6"}],"replies":[{"embeddable":true,"href":"https:\/\/www.hegelmann.com\/pl\/wp-json\/wp\/v2\/comments?post=7329"}],"version-history":[{"count":1,"href":"https:\/\/www.hegelmann.com\/pl\/wp-json\/wp\/v2\/posts\/7329\/revisions"}],"predecessor-version":[{"id":22066,"href":"https:\/\/www.hegelmann.com\/pl\/wp-json\/wp\/v2\/posts\/7329\/revisions\/22066"}],"wp:featuredmedia":[{"embeddable":true,"href":"https:\/\/www.hegelmann.com\/pl\/wp-json\/wp\/v2\/media\/22065"}],"wp:attachment":[{"href":"https:\/\/www.hegelmann.com\/pl\/wp-json\/wp\/v2\/media?parent=7329"}],"wp:term":[{"taxonomy":"category","embeddable":true,"href":"https:\/\/www.hegelmann.com\/pl\/wp-json\/wp\/v2\/categories?post=7329"},{"taxonomy":"post_tag","embeddable":true,"href":"https:\/\/www.hegelmann.com\/pl\/wp-json\/wp\/v2\/tags?post=7329"}],"curies":[{"name":"wp","href":"https:\/\/api.w.org\/{rel}","templated":true}]}}